{"id":16,"date":"2026-09-02T13:36:00","date_gmt":"2026-09-02T13:36:00","guid":{"rendered":"https:\/\/www.charm.lt\/?p=16"},"modified":"2026-09-02T10:37:32","modified_gmt":"2026-09-02T10:37:32","slug":"ar-po-10-metu-bus-is-ko-moketi-pensijas-lietuvoje","status":"publish","type":"post","link":"https:\/\/www.charm.lt\/index.php\/2026\/09\/02\/ar-po-10-metu-bus-is-ko-moketi-pensijas-lietuvoje\/","title":{"rendered":"Ar po 10 met\u0173 bus i\u0161 ko mok\u0117ti pensijas Lietuvoje?"},"content":{"rendered":"\n<p class=\"wp-block-paragraph\">Gyventoj\u0173 sen\u0117jimas jau kei\u010dia Lietuvos darbo rink\u0105, valstyb\u0117s biud\u017eet\u0105 ir visuomen\u0117s l\u016bkes\u010dius d\u0117l b\u016bsimos pensijos. Per artimiausi\u0105 de\u0161imtmet\u012f pensinink\u0173 skai\u010dius gali augti spar\u010diau negu dirban\u010di\u0173j\u0173, tod\u0117l vien dabartini\u0173 sprendim\u0173 nepakaks. Pensij\u0173 mok\u0117jimas i\u0161liks \u012fmanomas, ta\u010diau jo dyd\u012f ir finansavimo s\u0105lygas lems demografija, atlyginimai, migracija bei politiniai pasirinkimai.<\/p>\n\n\n\n<h2 class=\"wp-block-heading\">Koki\u0105 \u012ftak\u0105 pensijoms daro Lietuvos demografija?<\/h2>\n\n\n\n<p class=\"wp-block-paragraph\">Lietuvoje ma\u017e\u0117ja darbingo am\u017eiaus gyventoj\u0173, o vyresni\u0173 nei \u0161e\u0161iasde\u0161imt penkeri\u0173 met\u0173 \u017emoni\u0173 dalis nuosekliai did\u0117ja. Valstyb\u0117s duomen\u0173 agent\u016bros prognoz\u0117s rodo, kad \u0161i tendencija t\u0119sis d\u0117l ma\u017eo gimstamumo ir ilgesn\u0117s gyvenimo trukm\u0117s.<\/p>\n\n\n\n<p class=\"wp-block-paragraph\">Pensij\u0173 sistemos finansin\u0119 pusiausvyr\u0105 labiausiai veikia dirban\u010di\u0173j\u0173 ir pensinink\u0173 santykis. Kai vienam pensininkui tenka ma\u017eiau dirban\u010di\u0173j\u0173, kiekvienam darbuotojui tenka didesn\u0117 socialinio draudimo \u012fmok\u0173 na\u0161ta.<\/p>\n\n\n\n<p class=\"wp-block-paragraph\">\u0160iuo metu pensijos daugiausia finansuojamos einamosiomis \u201eSodros\u201c biud\u017eeto pajamomis, kurias sudaro darbuotoj\u0173 bei darbdavi\u0173 \u012fmokos. Tai rei\u0161kia, kad \u0161iandienos dirbantieji finansuoja dabartini\u0173 senatv\u0117s pensinink\u0173 i\u0161mokas.<\/p>\n\n\n\n<p class=\"wp-block-paragraph\">Demografines pasekmes i\u0161 dalies \u0161velnina gr\u012f\u017etanti emigracija, did\u0117janti imigracija ir ilgesnis \u017emoni\u0173 dalyvavimas darbo rinkoje. Vis d\u0117lto \u0161ie veiksniai savaime nepanaikina ma\u017e\u0117jan\u010dio gimstamumo sukeliamo ilgalaikio spaudimo.<\/p>\n\n\n\n<h2 class=\"wp-block-heading\">I\u0161 koki\u0173 \u0161altini\u0173 bus finansuojamos pensijos?<\/h2>\n\n\n\n<p class=\"wp-block-paragraph\">Pagrindinis valstybini\u0173 pensij\u0173 finansavimo \u0161altinis i\u0161liks socialinio draudimo \u012fmokos, susietos su oficialiomis darbo pajamomis. Kuo daugiau \u017emoni\u0173 dirbs legaliai ir kuo spar\u010diau did\u0117s atlyginimai, tuo daugiau l\u0117\u0161\u0173 surinks \u201eSodra\u201c.<\/p>\n\n\n\n<p class=\"wp-block-paragraph\">Pensij\u0173 i\u0161mokoms taip pat naudojami valstyb\u0117s biud\u017eeto asignavimai, ypa\u010d kai socialinio draudimo pajam\u0173 nepakanka. Tokia parama leid\u017eia u\u017etikrinti i\u0161mok\u0173 mok\u0117jim\u0105, ta\u010diau didina konkurencij\u0105 d\u0117l kitoms vie\u0161osioms reikm\u0117ms skiriam\u0173 pinig\u0173.<\/p>\n\n\n\n<p class=\"wp-block-paragraph\">Pensij\u0173 dydis priklauso nuo sukaupto sta\u017eo, apskaitos vienet\u0173, bazin\u0117s pensijos ir kasmetinio indeksavimo. Indeksavimas leid\u017eia pensijoms augti, ta\u010diau spar\u010diai kylant kainoms realioji i\u0161mok\u0173 vert\u0117 gali did\u0117ti l\u0117\u010diau.<\/p>\n\n\n\n<p class=\"wp-block-paragraph\">Papildom\u0105 pajam\u0173 \u0161altin\u012f sudaro individualus kaupimas, investicijos ir darbdavi\u0173 mokamos i\u0161mokos darbuotojams. \u017dmon\u0117s gali rasti daugiau informacijos apie <a href=\"https:\/\/www.pensijufondas.lt\">pensij\u0173 fondams<\/a> skirtus sprendimus, ta\u010diau kiekviena investicija susijusi su rinkos svyravimais.<\/p>\n\n\n\n<h2 class=\"wp-block-heading\">Kokie sprendimai gali sustiprinti pensij\u0173 sistemos tvarum\u0105?<\/h2>\n\n\n\n<p class=\"wp-block-paragraph\">Viena da\u017eniausiai svarstom\u0173 priemoni\u0173 yra ilgesnis darbas, kai did\u0117janti gyvenimo trukm\u0117 siejama su lankstesniu i\u0161\u0117jimo \u012f pensij\u0105 am\u017eiumi. Tokie pakeitimai gali padidinti \u012fmok\u0173 mok\u0117toj\u0173 skai\u010di\u0173, ta\u010diau turi atsi\u017evelgti \u012f profesij\u0173 ir sveikatos skirtumus.<\/p>\n\n\n\n<p class=\"wp-block-paragraph\">Pensij\u0173 sistemos pajamas taip pat didint\u0173 didesnis u\u017eimtumas, ma\u017eesnis \u0161e\u0161\u0117lin\u0117s ekonomikos mastas ir palankesn\u0117s s\u0105lygos kvalifikuotiems migrantams. Ekonomistai pabr\u0117\u017eia, kad vien gyventoj\u0173 skai\u010diaus didinimas neu\u017etikrina pajam\u0173, jeigu darbo vietos sukuria ma\u017e\u0105 prid\u0117tin\u0119 vert\u0119.<\/p>\n\n\n\n<p class=\"wp-block-paragraph\">Valstyb\u0117 gali keisti \u012fmok\u0173 tarifus, perskirstyti mokes\u010di\u0173 pajamas arba didinti finansavim\u0105 i\u0161 bendrojo biud\u017eeto. Kiekvienas sprendimas turi pasekmi\u0173 atlyginimams, verslo konkurencingumui, vie\u0161osioms paslaugoms ir skirting\u0173 kart\u0173 interesams.<\/p>\n\n\n\n<p class=\"wp-block-paragraph\">Socialin\u0117s apsaugos sprendimai turi b\u016bti priimami ilgalaik\u0117je perspektyvoje, nes da\u017eni taisykli\u0173 pakeitimai ma\u017eina gyventoj\u0173 pasitik\u0117jim\u0105. Prognozuojamas reguliavimas skatina \u017emones planuoti papildom\u0105 kaupim\u0105 ir leid\u017eia darbdaviams tiksliau vertinti b\u016bsimas s\u0105naudas.<\/p>\n\n\n\n<h2 class=\"wp-block-heading\">K\u0105 prognoz\u0117s rei\u0161kia b\u016bsimiems pensininkams?<\/h2>\n\n\n\n<p class=\"wp-block-paragraph\">Prognoz\u0117s neatsako, kokia tiksliai bus konkretaus \u017emogaus pensija po de\u0161imtme\u010dio, nes j\u0105 paveiks b\u016bsimos pajamos, sta\u017eas ir \u012fstatymai. Jos parodo galimas kryptis, leid\u017eian\u010dias \u012fvertinti sistemos finansin\u012f atsparum\u0105 skirtingomis ekonomin\u0117mis s\u0105lygomis.<\/p>\n\n\n\n<p class=\"wp-block-paragraph\">Jeigu atlyginimai augs grei\u010diau u\u017e kainas, socialinio draudimo pajamos did\u0117s, o pensij\u0173 indeksavimas tur\u0117s tvirtesn\u012f finansin\u012f pagrind\u0105. Ta\u010diau ilgalaik\u012f rezultat\u0105 gali pakeisti recesija, emigracijos banga, geopolitin\u0117 kriz\u0117 arba ilgalaikis nedarbo augimas.<\/p>\n\n\n\n<p class=\"wp-block-paragraph\">Gyventojams naudinga reguliariai tikrinti savo socialinio draudimo sta\u017e\u0105, apskaitos vienetus ir prognozuojam\u0105 i\u0161mok\u0105. Tokie duomenys padeda realisti\u0161kiau \u012fvertinti, koki\u0105 dal\u012f b\u016bsim\u0173 pajam\u0173 reik\u0117s u\u017etikrinti kitais b\u016bdais.<\/p>\n\n\n\n<p class=\"wp-block-paragraph\">Papildomas kaupimas savaime negarantuoja didesn\u0117s pensijos, nes rezultat\u0105 lemia \u012fmok\u0173 laikotarpis, pasirinkta rizika ir investicij\u0173 gr\u0105\u017ea. Sprendimus reik\u0117t\u0173 vertinti pagal ilgalaikius tikslus, mokes\u010dius, sutarties s\u0105lygas ir galim\u0105 pinig\u0173 vert\u0117s ma\u017e\u0117jim\u0105.<\/p>\n\n\n\n<p class=\"wp-block-paragraph\">Po de\u0161imties met\u0173 Lietuva pensijas grei\u010diausiai mok\u0117s, ta\u010diau klausimas bus susij\u0119s su j\u0173 dyd\u017eiu, finansavimo na\u0161ta ir kart\u0173 solidarumu. Sistemos stabilum\u0105 lems ne vien demografija, bet ir sprendimai, priimti d\u0117l darbo rinkos, mokes\u010di\u0173 bei kaupimo.<\/p>\n\n\n\n<p class=\"wp-block-paragraph\">Kiekviena papildoma darbo vieta, didesnis oficialus atlyginimas ir nuoseklus ilgalaikis planavimas stiprina bendr\u0105 pensij\u0173 finansavimo pagrind\u0105. Ateities saugumas priklausys nuo to, ar valstyb\u0117 ir gyventojai rizikas prad\u0117s vertinti anks\u010diau, negu jos taps kasdieniu r\u016bpes\u010diu.<\/p>\n","protected":false},"excerpt":{"rendered":"<p>Gyventoj\u0173 sen\u0117jimas jau kei\u010dia Lietuvos darbo rink\u0105, valstyb\u0117s biud\u017eet\u0105 ir visuomen\u0117s l\u016bkes\u010dius d\u0117l b\u016bsimos pensijos. Per artimiausi\u0105 de\u0161imtmet\u012f pensinink\u0173 skai\u010dius gali augti spar\u010diau negu dirban\u010di\u0173j\u0173, tod\u0117l vien dabartini\u0173 sprendim\u0173 nepakaks. Pensij\u0173 mok\u0117jimas i\u0161liks \u012fmanomas, ta\u010diau jo dyd\u012f ir finansavimo s\u0105lygas lems demografija, atlyginimai, migracija bei politiniai pasirinkimai. Koki\u0105 \u012ftak\u0105 pensijoms daro Lietuvos demografija? Lietuvoje ma\u017e\u0117ja [&hellip;]<\/p>\n","protected":false},"author":1,"featured_media":17,"comment_status":"closed","ping_status":"closed","sticky":false,"template":"","format":"standard","meta":{"footnotes":""},"categories":[1],"tags":[],"class_list":["post-16","post","type-post","status-publish","format-standard","has-post-thumbnail","hentry","category-uncategorized"],"_links":{"self":[{"href":"https:\/\/www.charm.lt\/index.php\/wp-json\/wp\/v2\/posts\/16","targetHints":{"allow":["GET"]}}],"collection":[{"href":"https:\/\/www.charm.lt\/index.php\/wp-json\/wp\/v2\/posts"}],"about":[{"href":"https:\/\/www.charm.lt\/index.php\/wp-json\/wp\/v2\/types\/post"}],"author":[{"embeddable":true,"href":"https:\/\/www.charm.lt\/index.php\/wp-json\/wp\/v2\/users\/1"}],"replies":[{"embeddable":true,"href":"https:\/\/www.charm.lt\/index.php\/wp-json\/wp\/v2\/comments?post=16"}],"version-history":[{"count":1,"href":"https:\/\/www.charm.lt\/index.php\/wp-json\/wp\/v2\/posts\/16\/revisions"}],"predecessor-version":[{"id":18,"href":"https:\/\/www.charm.lt\/index.php\/wp-json\/wp\/v2\/posts\/16\/revisions\/18"}],"wp:featuredmedia":[{"embeddable":true,"href":"https:\/\/www.charm.lt\/index.php\/wp-json\/wp\/v2\/media\/17"}],"wp:attachment":[{"href":"https:\/\/www.charm.lt\/index.php\/wp-json\/wp\/v2\/media?parent=16"}],"wp:term":[{"taxonomy":"category","embeddable":true,"href":"https:\/\/www.charm.lt\/index.php\/wp-json\/wp\/v2\/categories?post=16"},{"taxonomy":"post_tag","embeddable":true,"href":"https:\/\/www.charm.lt\/index.php\/wp-json\/wp\/v2\/tags?post=16"}],"curies":[{"name":"wp","href":"https:\/\/api.w.org\/{rel}","templated":true}]}}